{"id":12362,"date":"2025-01-06T10:52:13","date_gmt":"2025-01-06T13:52:13","guid":{"rendered":"https:\/\/wright.cl\/sitio\/?p=12362"},"modified":"2025-01-06T10:53:52","modified_gmt":"2025-01-06T13:53:52","slug":"alineamiento-estrategico-de-tu-equipo-estrategias-clave-para-un-ano-extraordinario","status":"publish","type":"post","link":"https:\/\/wright.cl\/sitio\/2025\/01\/06\/alineamiento-estrategico-de-tu-equipo-estrategias-clave-para-un-ano-extraordinario\/","title":{"rendered":"Alineamiento estrat\u00e9gico de tu equipo: Estrategias clave para un a\u00f1o extraordinario"},"content":{"rendered":"<p data-pm-slice=\"1 1 []\"><span>Cerrar un a\u00f1o siempre nos da una oportunidad poderosa: reflexionar, aprender y proyectar. Pero, \u00bfqu\u00e9 sucede cuando trasladamos esta pr\u00e1ctica del \u00e1mbito personal al organizacional?<\/span><\/p>\n<h3><span>Alineaci\u00f3n y sus consecuencias<\/span><\/h3>\n<p><span>A lo largo de mis a\u00f1os como consultora, he observado c\u00f3mo la falta de alineaci\u00f3n en los equipos puede conducir a desmotivaci\u00f3n, agotamiento y una disminuci\u00f3n en la productividad. Sin una visi\u00f3n clara y compartida, los equipos tienden a dispersarse, perdiendo enfoque y compromiso. Esto no solo afecta los resultados, sino tambi\u00e9n la satisfacci\u00f3n y el bienestar de sus integrantes.<\/span><\/p>\n<h3><span>Reflexi\u00f3n personal y organizacional: el poder de pausar<\/span><\/h3>\n<p><span>Tomarse un momento para analizar el a\u00f1o que dejamos atr\u00e1s no solo permite identificar logros y aprendizajes, sino que tambi\u00e9n abre la puerta a planificar con claridad el futuro. Algunas preguntas que pueden guiar este ejercicio son:<\/span><\/p>\n<ul data-spread=\"false\">\n<li><span>\u00bfCu\u00e1les fueron los momentos m\u00e1s significativos del a\u00f1o pasado y por qu\u00e9?<\/span><\/li>\n<li><span>\u00bfQu\u00e9 logros se destacaron y qu\u00e9 factores los hicieron posibles?<\/span><\/li>\n<li><span>\u00bfCu\u00e1les fueron los mayores desaf\u00edos y qu\u00e9 aprendizajes dejaron?<\/span><\/li>\n<li><span>\u00bfQu\u00e9 queremos conservar y qu\u00e9 necesitamos dejar atr\u00e1s para avanzar?<\/span><\/li>\n<\/ul>\n<p><span>Este ejercicio no solo es valioso para individuos, sino tambi\u00e9n para equipos y organizaciones. Al reflexionar juntos, se genera una comprensi\u00f3n compartida del punto de partida y una base s\u00f3lida para trazar el camino hacia el futuro.<\/span><\/p>\n<h3><span>La neurociencia de planificar con claridad<\/span><\/h3>\n<p><span>Planificar no es solo un acto administrativo; es una pr\u00e1ctica que activa mecanismos clave en nuestro cerebro. Seg\u00fan estudios recientes, cuando visualizamos nuestros objetivos de manera clara, activamos el sistema de recompensa y de valor en el cerebro. Al imaginar una acci\u00f3n, se activan las mismas regiones cerebrales que durante su pr\u00e1ctica real, fortaleciendo las conexiones neuronales asociadas y facilitando la ejecuci\u00f3n de dichas acciones. Adem\u00e1s, la visualizaci\u00f3n promueve la neuroplasticidad, la capacidad del cerebro para reorganizarse y formar nuevas conexiones neuronales, lo que facilita la adopci\u00f3n de comportamientos alineados con los objetivos visualizados. Este proceso tambi\u00e9n puede generar la liberaci\u00f3n de endorfinas, mejorando el bienestar y aumentando la motivaci\u00f3n para alcanzar las metas propuestas.<\/span><\/p>\n<p><span>Esto ayuda a:<\/span><\/p>\n<ul data-spread=\"false\">\n<li><span>Enfocar la atenci\u00f3n en las metas relevantes.<\/span><\/li>\n<li><span>Priorizar acciones alineadas con esos objetivos.<\/span><\/li>\n<li><span>Fortalecer la motivaci\u00f3n al conectar emocionalmente con el resultado deseado.<\/span><\/li>\n<\/ul>\n<p><span>Este principio puede aplicarse tambi\u00e9n a nivel organizacional. Cuando los equipos tienen claridad sobre las metas compartidas, se genera un sentido de prop\u00f3sito com\u00fan que impulsa la colaboraci\u00f3n y el compromiso.<\/span><\/p>\n<h3><span>Un ejercicio sencillo para equipos<\/span><\/h3>\n<p>&nbsp;<\/p>\n<ol start=\"1\" data-spread=\"true\">\n<li><span><strong>Reflexi\u00f3n del a\u00f1o pasado:<\/strong><\/span><span> Dedica un espacio a que cada miembro del equipo responda preguntas como:<\/span>\n<ul data-spread=\"false\">\n<li><span>\u00bfCu\u00e1l fue el mayor logro del equipo este a\u00f1o?<\/span><\/li>\n<li><span>\u00bfQu\u00e9 podr\u00eda haberse hecho mejor?<\/span><\/li>\n<li><span>\u00bfQu\u00e9 aprendimos que nos ayudar\u00e1 en el futuro?<\/span><\/li>\n<\/ul>\n<\/li>\n<li><span><strong>Definici\u00f3n de metas para el nuevo a\u00f1o:<\/strong><\/span><span> Invita al equipo a visualizar el futuro con preguntas como:<\/span>\n<ul data-spread=\"false\">\n<li><span>\u00bfCu\u00e1l es la meta m\u00e1s importante que queremos alcanzar juntos?<\/span><\/li>\n<li><span>\u00bfQu\u00e9 pasos necesitamos dar para lograrlo?<\/span><\/li>\n<li><span>\u00bfC\u00f3mo sabremos que estamos avanzando?<\/span><\/li>\n<\/ul>\n<\/li>\n<li><span><strong>Creaci\u00f3n de una hoja de ruta visual:<\/strong><\/span><span> Representar los objetivos y pasos clave de manera visual refuerza el compromiso y permite que todos mantengan el enfoque.<\/span><\/li>\n<\/ol>\n<h3><span>C\u00f3mo WRIGHT puede ayudarte<\/span><\/h3>\n<p><span>En WRIGHT, trabajamos con l\u00edderes y equipos para implementar pr\u00e1cticas de reflexi\u00f3n y planificaci\u00f3n que conecten la visi\u00f3n organizacional con las acciones diarias. Dise\u00f1amos talleres adaptados que combinan principios de neurociencia, ejercicios de reflexi\u00f3n estructurada y herramientas visuales para alinear objetivos y generar resultados concretos.<\/span><\/p>\n<p><span>En un entorno cambiante, la capacidad de pausar, reflexionar y planificar de manera intencionada es clave para mantenerse competitivo. \u00bfEst\u00e1s listo para llevar a tu equipo al siguiente nivel?<\/span><\/p>\n<p><span>Cont\u00e1ctanos y descubre c\u00f3mo podemos acompa\u00f1arte a dise\u00f1ar un futuro extraordinario para tu organizaci\u00f3n. <a href=\"https:\/\/calendly.com\/alejandrawright\/wright\">Agenda una reuni\u00f3n aqu\u00ed<\/a> o escr\u00edbenos a <a href=\"mailto:info@wright.cl\">info@wright.cl\u00a0<\/a><\/span><\/p>\n<p>&nbsp;<\/p>\n<p><a href=\"https:\/\/www.linkedin.com\/in\/alejandra-wright\/\"><strong>Alejandra Wright<\/strong><\/a><\/p>\n<p>Fundadora y Directora Ejecutiva de WRIGHT<\/p>\n<p>&nbsp;<\/p>\n","protected":false},"excerpt":{"rendered":"<p>Cerrar un a\u00f1o siempre nos da una oportunidad poderosa: reflexionar, aprender y proyectar. Pero, \u00bfqu\u00e9 sucede cuando trasladamos esta pr\u00e1ctica del \u00e1mbito personal al organizacional? Alineaci\u00f3n y sus consecuencias A lo largo de mis a\u00f1os como consultora, he observado c\u00f3mo la falta de alineaci\u00f3n en los equipos puede conducir a desmotivaci\u00f3n, agotamiento y una disminuci\u00f3n&#8230;<\/p>\n","protected":false},"author":2,"featured_media":12363,"comment_status":"open","ping_status":"open","sticky":false,"template":"","format":"standard","meta":{"om_disable_all_campaigns":false,"_monsterinsights_skip_tracking":false,"_monsterinsights_sitenote_active":false,"_monsterinsights_sitenote_note":"","_monsterinsights_sitenote_category":0,"_uf_show_specific_survey":0,"_uf_disable_surveys":false,"_jetpack_memberships_contains_paid_content":false,"footnotes":""},"categories":[233],"tags":[],"class_list":["post-12362","post","type-post","status-publish","format-standard","has-post-thumbnail","hentry","category-articulo"],"aioseo_notices":[],"jetpack_featured_media_url":"https:\/\/wright.cl\/sitio\/wp-content\/uploads\/2025\/01\/AVISO-LINKEDIN-CAMPUS-IA.png","jetpack_sharing_enabled":true,"_links":{"self":[{"href":"https:\/\/wright.cl\/sitio\/wp-json\/wp\/v2\/posts\/12362","targetHints":{"allow":["GET"]}}],"collection":[{"href":"https:\/\/wright.cl\/sitio\/wp-json\/wp\/v2\/posts"}],"about":[{"href":"https:\/\/wright.cl\/sitio\/wp-json\/wp\/v2\/types\/post"}],"author":[{"embeddable":true,"href":"https:\/\/wright.cl\/sitio\/wp-json\/wp\/v2\/users\/2"}],"replies":[{"embeddable":true,"href":"https:\/\/wright.cl\/sitio\/wp-json\/wp\/v2\/comments?post=12362"}],"version-history":[{"count":2,"href":"https:\/\/wright.cl\/sitio\/wp-json\/wp\/v2\/posts\/12362\/revisions"}],"predecessor-version":[{"id":12365,"href":"https:\/\/wright.cl\/sitio\/wp-json\/wp\/v2\/posts\/12362\/revisions\/12365"}],"wp:featuredmedia":[{"embeddable":true,"href":"https:\/\/wright.cl\/sitio\/wp-json\/wp\/v2\/media\/12363"}],"wp:attachment":[{"href":"https:\/\/wright.cl\/sitio\/wp-json\/wp\/v2\/media?parent=12362"}],"wp:term":[{"taxonomy":"category","embeddable":true,"href":"https:\/\/wright.cl\/sitio\/wp-json\/wp\/v2\/categories?post=12362"},{"taxonomy":"post_tag","embeddable":true,"href":"https:\/\/wright.cl\/sitio\/wp-json\/wp\/v2\/tags?post=12362"}],"curies":[{"name":"wp","href":"https:\/\/api.w.org\/{rel}","templated":true}]}}